{"id":2432,"date":"2019-10-21T00:00:00","date_gmt":"2019-10-21T00:00:00","guid":{"rendered":"https:\/\/main.esrs.eu\/uncategorized\/mh-rights-programa-integrado-para-a-promocao-dos-direitos-humanos-das-pessoas-com-doenca-mental-apresentado-na-sessao-lisboa-em-rede-pela-saude-mental\/"},"modified":"2022-08-08T13:24:44","modified_gmt":"2022-08-08T13:24:44","slug":"mh-rights-programa-integrado-para-a-promocao-dos-direitos-humanos-das-pessoas-com-doenca-mental-apresentado-na-sessao-lisboa-em-rede-pela-saude-mental","status":"publish","type":"post","link":"https:\/\/www.lisboninstitutegmh.org\/pt-pt\/noticias\/mh-rights-programa-integrado-para-a-promocao-dos-direitos-humanos-das-pessoas-com-doenca-mental-apresentado-na-sessao-lisboa-em-rede-pela-saude-mental\/","title":{"rendered":"MH Rights &#8211; Programa Integrado para a Promo\u00e7\u00e3o dos Direitos Humanos das Pessoas com Doen\u00e7a Mental apresentado na sess\u00e3o Lisboa em Rede pela Sa\u00fade Mental"},"content":{"rendered":"<article class=\"main-column\">\n<p>O projeto MH Rights &#8211; Programa Integrado para a Promo\u00e7\u00e3o dos Direitos Humanos das Pessoas com Doen\u00e7a Mental foi hoje apresentado na iniciativa Mental Talk &#8211; Lisboa em Rede Pela Sa\u00fade Mental, que decorreu no F\u00f3rum Lisboa dia 18 de Outubro de 2019 com o objectivo de refletir e debater as seguintes tem\u00e1ticas:<\/p>\n<ul>\n<li>Internamento compulsivo: contexto e procedimentos<\/li>\n<li>Lei n\u00ba49\/2019 \u201cMaior acompanhado\u201d: Aplica\u00e7\u00e3o pr\u00e1tica da lei<\/li>\n<\/ul>\n<p>Esta a\u00e7\u00e3o de sensibiliza\u00e7\u00e3o foi evento foi organizada pela Rede Social de Lisboa\/Grupo de Trabalho &#8211; Interven\u00e7\u00e3o em dom\u00ednios de maior vulnerabilidade &#8211; Sa\u00fade Mental do CLAS-Lx (Conselho Local de A\u00e7\u00e3o Social de Lisboa) e teve como destinat\u00e1rios t\u00e9cnicos, pessoas com experi\u00eancia de doen\u00e7a mental e cuidadores informais (familiares e\/ou outros).<\/p>\n<\/article>\n\n\n<figure class=\"wp-block-image size-full\"><img fetchpriority=\"high\" decoding=\"async\" width=\"1920\" height=\"1264\" src=\"https:\/\/www.lisboninstitutegmh.org\/wp-content\/uploads\/2022\/02\/74531616_510514506398777_7636532696457412608_o.jpg\" alt=\"\" class=\"wp-image-2544\"\/><\/figure>\n","protected":false},"excerpt":{"rendered":"<p>O projeto MH Rights &#8211; Programa Integrado para a Promo\u00e7\u00e3o dos Direitos Humanos das Pessoas com Doen\u00e7a Mental foi hoje apresentado na iniciativa Mental Talk &#8211;<span class=\"excerpt-hellip\"> [\u2026]<\/span><\/p>\n","protected":false},"author":1,"featured_media":0,"comment_status":"closed","ping_status":"closed","sticky":false,"template":"","format":"standard","meta":{"footnotes":""},"categories":[55,59],"tags":[],"class_list":["post-2432","post","type-post","status-publish","format-standard","hentry","category-noticias","category-pesquisa"],"_links":{"self":[{"href":"https:\/\/www.lisboninstitutegmh.org\/pt-pt\/wp-json\/wp\/v2\/posts\/2432","targetHints":{"allow":["GET"]}}],"collection":[{"href":"https:\/\/www.lisboninstitutegmh.org\/pt-pt\/wp-json\/wp\/v2\/posts"}],"about":[{"href":"https:\/\/www.lisboninstitutegmh.org\/pt-pt\/wp-json\/wp\/v2\/types\/post"}],"author":[{"embeddable":true,"href":"https:\/\/www.lisboninstitutegmh.org\/pt-pt\/wp-json\/wp\/v2\/users\/1"}],"replies":[{"embeddable":true,"href":"https:\/\/www.lisboninstitutegmh.org\/pt-pt\/wp-json\/wp\/v2\/comments?post=2432"}],"version-history":[{"count":1,"href":"https:\/\/www.lisboninstitutegmh.org\/pt-pt\/wp-json\/wp\/v2\/posts\/2432\/revisions"}],"predecessor-version":[{"id":3252,"href":"https:\/\/www.lisboninstitutegmh.org\/pt-pt\/wp-json\/wp\/v2\/posts\/2432\/revisions\/3252"}],"wp:attachment":[{"href":"https:\/\/www.lisboninstitutegmh.org\/pt-pt\/wp-json\/wp\/v2\/media?parent=2432"}],"wp:term":[{"taxonomy":"category","embeddable":true,"href":"https:\/\/www.lisboninstitutegmh.org\/pt-pt\/wp-json\/wp\/v2\/categories?post=2432"},{"taxonomy":"post_tag","embeddable":true,"href":"https:\/\/www.lisboninstitutegmh.org\/pt-pt\/wp-json\/wp\/v2\/tags?post=2432"}],"curies":[{"name":"wp","href":"https:\/\/api.w.org\/{rel}","templated":true}]}}